{"id":1541,"date":"2023-05-29T19:54:22","date_gmt":"2023-05-29T16:54:22","guid":{"rendered":"https:\/\/kulturhusetkarelia.nfsite.com\/?p=1541"},"modified":"2024-02-19T12:11:21","modified_gmt":"2024-02-19T10:11:21","slug":"ny-teaterproduktion-om-mentalsjukhuset-ekasen-som-oppnade-for-100-ar-sedan","status":"publish","type":"post","link":"https:\/\/kulturhusetkarelia.fi\/fi\/2023\/05\/ny-teaterproduktion-om-mentalsjukhuset-ekasen-som-oppnade-for-100-ar-sedan\/","title":{"rendered":"Ny teaterproduktion om mentalsjukhuset Ek\u00e5sen som \u00f6ppnade f\u00f6r 100 \u00e5r sedan"},"content":{"rendered":"<figure class=\"wp-block-image size-large\"><img data-dominant-color=\"838b6b\" data-has-transparency=\"false\" style=\"--dominant-color: #838b6b;\" loading=\"lazy\" decoding=\"async\" width=\"1024\" height=\"768\" src=\"https:\/\/kulturhusetkarelia.fi\/wp-content\/uploads\/2023\/05\/IMG_2715-1-1024x768.webp\" alt=\"Sex k\u00e4rnkvinnor ur Skuggor fr\u00e5n Ek\u00e5sens produktionsteam fotat under ett tr\u00e4d.Kuusi ydinnaista Skuggor fr\u00e5n Ek\u00e5senin produktiotiimist\u00e4 valokuvattuna puun alla. \" class=\"wp-image-1543 not-transparent\" srcset=\"https:\/\/kulturhusetkarelia.fi\/wp-content\/uploads\/2023\/05\/IMG_2715-1-1024x768.webp 1024w, https:\/\/kulturhusetkarelia.fi\/wp-content\/uploads\/2023\/05\/IMG_2715-1-300x225.webp 300w, https:\/\/kulturhusetkarelia.fi\/wp-content\/uploads\/2023\/05\/IMG_2715-1-768x576.webp 768w, https:\/\/kulturhusetkarelia.fi\/wp-content\/uploads\/2023\/05\/IMG_2715-1-1536x1152.webp 1536w, https:\/\/kulturhusetkarelia.fi\/wp-content\/uploads\/2023\/05\/IMG_2715-1-2048x1536.webp 2048w, https:\/\/kulturhusetkarelia.fi\/wp-content\/uploads\/2023\/05\/IMG_2715-1-16x12.webp 16w, https:\/\/kulturhusetkarelia.fi\/wp-content\/uploads\/2023\/05\/IMG_2715-1-1568x1176.webp 1568w\" sizes=\"auto, (max-width: 1024px) 100vw, 1024px\" \/><\/figure>\n\n\n\n<p>Under vintern 2024 kommer Karelia att s\u00e4tta upp en nyskriven teaterf\u00f6rest\u00e4llning om mentalsjukhuset Ek\u00e5sen. Denna produktion uppm\u00e4rksammar jubileums\u00e5ret f\u00f6r Ek\u00e5sen, som \u00f6ppnade sina d\u00f6rrar f\u00f6r 100 \u00e5r sedan.<\/p>\n\n\n\n<p>F\u00f6rest\u00e4llningen tar sikte p\u00e5 att belysa viktiga fr\u00e5gor inom mental h\u00e4lsa och skildrar v\u00e5rdens utmaningar samt h\u00e4ndelser och erfarenheter bland b\u00e5de personal och patienter. Genom starka ber\u00e4ttelser kommer publiken att f\u00e5 en unik inblick i Ek\u00e5sens v\u00e4rld och samtidigt reflektera \u00f6ver v\u00e5r egen tid och Ek\u00e5sens historiska betydelse.<br><br>Ber\u00e4ttelsen utspelar sig fr\u00e4mst under 1950- och 1970-talen, men tar \u00e4ven avstickare till v\u00e5r egen tid och Ek\u00e5sens tidiga \u00e5r. Med en kombination av v\u00e4rme, allvar, humor och vemod kommer publiken att f\u00e5 f\u00f6lja karakt\u00e4rer som k\u00e4mpar med sina val, sin mentala h\u00e4lsa och sin framtid, samtidigt som de f\u00f6rs\u00f6ker navigera genom v\u00e4rlden och f\u00f6rh\u00e5lla sig till m\u00e4nniskorna omkring dem.<\/p>\n\n\n\n<p>Den nyskrivna pj\u00e4sen \u00e4r skriven av manusf\u00f6rfattaren Hanna \u00c5kerfelt och bygger p\u00e5 f\u00f6rfattaren Tove Virtas bok &#8221;R\u00f6ster fr\u00e5n Ek\u00e5sen&#8221;, som gavs ut av V\u00e4stnyl\u00e4ndska kultursamfundet. Ek\u00e5sen st\u00e4ngde sina d\u00f6rrar f\u00f6r gott vid \u00e5rsskiftet 2016\u20132017, men genom denna teaterproduktion f\u00e5r dess historia nytt liv.<\/p>\n\n\n\n<p>Regiss\u00f6ren f\u00f6r denna f\u00f6rest\u00e4llning \u00e4r Henrika Andersson, medan konstn\u00e4ren Bettina Bj\u00f6rnberg-Aminoff ansvarar f\u00f6r scenografin och skapar tillh\u00f6rande konstverk. Carolina Wendelin st\u00e5r f\u00f6r musiken, som kommer att f\u00f6rst\u00e4rka ber\u00e4ttelsens k\u00e4nsla och intensitet. Producent f\u00f6r produktionen \u00e4r Anna Keto och arbetsledare \u00e4r Elin Sundell. Emma Kullberg fungerar som regiassistent och \u00e4r en viktig del av det kreativa teamet.<\/p>\n\n\n\n<p>Idag samlades en del av produktionsteamet f\u00f6r teaterproduktionen f\u00f6r f\u00f6rsta g\u00e5ngen. Genom starka skildringar, ber\u00f6rande scener, r\u00f6rande konstverk och musik kommer vi tillsammans str\u00e4va efter att skapa en teaterupplevelse som inte bara underh\u00e5ller, utan ocks\u00e5 inspirerar till eftertanke och reflektion.<\/p>\n\n\n\n<p>Vi ser med stor f\u00f6rv\u00e4ntan fram emot att dela denna teaterupplevelse med er alla! S\u00e4tt ett kryss i kalendern f\u00f6r premi\u00e4ren den 3 februari 2024. <\/p>","protected":false},"excerpt":{"rendered":"<p>Under vintern 2024 kommer Karelia att s\u00e4tta upp en nyskriven teaterf\u00f6rest\u00e4llning om mentalsjukhuset Ek\u00e5sen. Denna produktion uppm\u00e4rksammar jubileums\u00e5ret f\u00f6r Ek\u00e5sen, som \u00f6ppnade sina d\u00f6rrar f\u00f6r 100 \u00e5r sedan. F\u00f6rest\u00e4llningen tar sikte p\u00e5 att belysa viktiga fr\u00e5gor inom mental h\u00e4lsa och skildrar v\u00e5rdens utmaningar samt h\u00e4ndelser och erfarenheter bland b\u00e5de personal och patienter. Genom starka ber\u00e4ttelser&hellip; <a class=\"more-link\" href=\"https:\/\/kulturhusetkarelia.fi\/fi\/2023\/05\/ny-teaterproduktion-om-mentalsjukhuset-ekasen-som-oppnade-for-100-ar-sedan\/\">Jatka lukemista <span class=\"screen-reader-text\">Ny teaterproduktion om mentalsjukhuset Ek\u00e5sen som \u00f6ppnade f\u00f6r 100 \u00e5r sedan<\/span><\/a><\/p>","protected":false},"author":4,"featured_media":1544,"comment_status":"closed","ping_status":"closed","sticky":false,"template":"","format":"standard","meta":{"_themeisle_gutenberg_block_has_review":false,"_jetpack_memberships_contains_paid_content":false,"footnotes":""},"categories":[73],"tags":[],"class_list":["post-1541","post","type-post","status-publish","format-standard","has-post-thumbnail","hentry","category-ekasensproduktion","entry"],"yoast_head":"<!-- This site is optimized with the Yoast SEO plugin v24.9 - https:\/\/yoast.com\/wordpress\/plugins\/seo\/ -->\n<title>Ny teaterproduktion om mentalsjukhuset Ek\u00e5sen som \u00f6ppnade f\u00f6r 100 \u00e5r sedan - Kulturhuset Karelia<\/title>\n<meta name=\"robots\" content=\"index, follow, max-snippet:-1, max-image-preview:large, max-video-preview:-1\" \/>\n<link rel=\"canonical\" href=\"https:\/\/kulturhusetkarelia.fi\/fi\/2023\/05\/ny-teaterproduktion-om-mentalsjukhuset-ekasen-som-oppnade-for-100-ar-sedan\/\" \/>\n<meta property=\"og:locale\" content=\"fi_FI\" \/>\n<meta property=\"og:type\" content=\"article\" \/>\n<meta property=\"og:title\" content=\"Ny teaterproduktion om mentalsjukhuset Ek\u00e5sen som \u00f6ppnade f\u00f6r 100 \u00e5r sedan - Kulturhuset Karelia\" \/>\n<meta property=\"og:description\" content=\"Under vintern 2024 kommer Karelia att s\u00e4tta upp en nyskriven teaterf\u00f6rest\u00e4llning om mentalsjukhuset Ek\u00e5sen. Denna produktion uppm\u00e4rksammar jubileums\u00e5ret f\u00f6r Ek\u00e5sen, som \u00f6ppnade sina d\u00f6rrar f\u00f6r 100 \u00e5r sedan. F\u00f6rest\u00e4llningen tar sikte p\u00e5 att belysa viktiga fr\u00e5gor inom mental h\u00e4lsa och skildrar v\u00e5rdens utmaningar samt h\u00e4ndelser och erfarenheter bland b\u00e5de personal och patienter. Genom starka ber\u00e4ttelser&hellip; Jatka lukemista Ny teaterproduktion om mentalsjukhuset Ek\u00e5sen som \u00f6ppnade f\u00f6r 100 \u00e5r sedan\" \/>\n<meta property=\"og:url\" content=\"https:\/\/kulturhusetkarelia.fi\/fi\/2023\/05\/ny-teaterproduktion-om-mentalsjukhuset-ekasen-som-oppnade-for-100-ar-sedan\/\" \/>\n<meta property=\"og:site_name\" content=\"Kulturhuset Karelia\" \/>\n<meta property=\"article:publisher\" content=\"https:\/\/www.facebook.com\/kulturhusetkarelia\/\" \/>\n<meta property=\"article:published_time\" content=\"2023-05-29T16:54:22+00:00\" \/>\n<meta property=\"article:modified_time\" content=\"2024-02-19T10:11:21+00:00\" \/>\n<meta property=\"og:image\" content=\"https:\/\/kulturhusetkarelia.fi\/wp-content\/uploads\/2023\/05\/IMG_2758-scaled.webp\" \/>\n\t<meta property=\"og:image:width\" content=\"2560\" \/>\n\t<meta property=\"og:image:height\" content=\"1920\" \/>\n\t<meta property=\"og:image:type\" content=\"image\/jpeg\" \/>\n<meta name=\"author\" content=\"Kulturhuset\" \/>\n<meta name=\"twitter:card\" content=\"summary_large_image\" \/>\n<meta name=\"twitter:label1\" content=\"Kirjoittanut\" \/>\n\t<meta name=\"twitter:data1\" content=\"Kulturhuset\" \/>\n\t<meta name=\"twitter:label2\" content=\"Arvioitu lukuaika\" \/>\n\t<meta name=\"twitter:data2\" content=\"2 minuuttia\" \/>\n<script type=\"application\/ld+json\" class=\"yoast-schema-graph\">{\"@context\":\"https:\/\/schema.org\",\"@graph\":[{\"@type\":\"Article\",\"@id\":\"https:\/\/kulturhusetkarelia.fi\/2023\/05\/ny-teaterproduktion-om-mentalsjukhuset-ekasen-som-oppnade-for-100-ar-sedan\/#article\",\"isPartOf\":{\"@id\":\"https:\/\/kulturhusetkarelia.fi\/2023\/05\/ny-teaterproduktion-om-mentalsjukhuset-ekasen-som-oppnade-for-100-ar-sedan\/\"},\"author\":{\"name\":\"Kulturhuset\",\"@id\":\"https:\/\/kulturhusetkarelia.fi\/#\/schema\/person\/1d3eff2f045146c6750be530d1ca5a08\"},\"headline\":\"Ny teaterproduktion om mentalsjukhuset Ek\u00e5sen som \u00f6ppnade f\u00f6r 100 \u00e5r sedan\",\"datePublished\":\"2023-05-29T16:54:22+00:00\",\"dateModified\":\"2024-02-19T10:11:21+00:00\",\"mainEntityOfPage\":{\"@id\":\"https:\/\/kulturhusetkarelia.fi\/2023\/05\/ny-teaterproduktion-om-mentalsjukhuset-ekasen-som-oppnade-for-100-ar-sedan\/\"},\"wordCount\":385,\"publisher\":{\"@id\":\"https:\/\/kulturhusetkarelia.fi\/#organization\"},\"image\":{\"@id\":\"https:\/\/kulturhusetkarelia.fi\/2023\/05\/ny-teaterproduktion-om-mentalsjukhuset-ekasen-som-oppnade-for-100-ar-sedan\/#primaryimage\"},\"thumbnailUrl\":\"https:\/\/kulturhusetkarelia.fi\/wp-content\/uploads\/2023\/05\/IMG_2758-scaled.webp\",\"articleSection\":[\"Ek\u00e5sen 100 \u00e5r\"],\"inLanguage\":\"fi\"},{\"@type\":\"WebPage\",\"@id\":\"https:\/\/kulturhusetkarelia.fi\/2023\/05\/ny-teaterproduktion-om-mentalsjukhuset-ekasen-som-oppnade-for-100-ar-sedan\/\",\"url\":\"https:\/\/kulturhusetkarelia.fi\/2023\/05\/ny-teaterproduktion-om-mentalsjukhuset-ekasen-som-oppnade-for-100-ar-sedan\/\",\"name\":\"Ny teaterproduktion om mentalsjukhuset Ek\u00e5sen som \u00f6ppnade f\u00f6r 100 \u00e5r sedan - Kulturhuset Karelia\",\"isPartOf\":{\"@id\":\"https:\/\/kulturhusetkarelia.fi\/#website\"},\"primaryImageOfPage\":{\"@id\":\"https:\/\/kulturhusetkarelia.fi\/2023\/05\/ny-teaterproduktion-om-mentalsjukhuset-ekasen-som-oppnade-for-100-ar-sedan\/#primaryimage\"},\"image\":{\"@id\":\"https:\/\/kulturhusetkarelia.fi\/2023\/05\/ny-teaterproduktion-om-mentalsjukhuset-ekasen-som-oppnade-for-100-ar-sedan\/#primaryimage\"},\"thumbnailUrl\":\"https:\/\/kulturhusetkarelia.fi\/wp-content\/uploads\/2023\/05\/IMG_2758-scaled.webp\",\"datePublished\":\"2023-05-29T16:54:22+00:00\",\"dateModified\":\"2024-02-19T10:11:21+00:00\",\"breadcrumb\":{\"@id\":\"https:\/\/kulturhusetkarelia.fi\/2023\/05\/ny-teaterproduktion-om-mentalsjukhuset-ekasen-som-oppnade-for-100-ar-sedan\/#breadcrumb\"},\"inLanguage\":\"fi\",\"potentialAction\":[{\"@type\":\"ReadAction\",\"target\":[\"https:\/\/kulturhusetkarelia.fi\/2023\/05\/ny-teaterproduktion-om-mentalsjukhuset-ekasen-som-oppnade-for-100-ar-sedan\/\"]}]},{\"@type\":\"ImageObject\",\"inLanguage\":\"fi\",\"@id\":\"https:\/\/kulturhusetkarelia.fi\/2023\/05\/ny-teaterproduktion-om-mentalsjukhuset-ekasen-som-oppnade-for-100-ar-sedan\/#primaryimage\",\"url\":\"https:\/\/kulturhusetkarelia.fi\/wp-content\/uploads\/2023\/05\/IMG_2758-scaled.webp\",\"contentUrl\":\"https:\/\/kulturhusetkarelia.fi\/wp-content\/uploads\/2023\/05\/IMG_2758-scaled.webp\",\"width\":2560,\"height\":1920,\"caption\":\"Tre kvinnor med boken R\u00f6ster fr\u00e5n Ek\u00e5sen. Tove Virta, Henrika Andersson och Bettina Bj\u00f6rnberg-Aminoff i start groparna f\u00f6r produktion Skuggor fr\u00e5n Ek\u00e5sen Kolme naista ja kirja R\u00f6ster fr\u00e5n Ek\u00e5sen. Tove Virta, Henrika Andersson ja Bettina Bj\u00f6rnberg-Aminoff produktion Skuggor fr\u00e5n Ek\u00e5senin l\u00e4ht\u00f6kuopissa\"},{\"@type\":\"BreadcrumbList\",\"@id\":\"https:\/\/kulturhusetkarelia.fi\/2023\/05\/ny-teaterproduktion-om-mentalsjukhuset-ekasen-som-oppnade-for-100-ar-sedan\/#breadcrumb\",\"itemListElement\":[{\"@type\":\"ListItem\",\"position\":1,\"name\":\"Home\",\"item\":\"https:\/\/kulturhusetkarelia.fi\/\"},{\"@type\":\"ListItem\",\"position\":2,\"name\":\"Ny teaterproduktion om mentalsjukhuset Ek\u00e5sen som \u00f6ppnade f\u00f6r 100 \u00e5r sedan\"}]},{\"@type\":\"WebSite\",\"@id\":\"https:\/\/kulturhusetkarelia.fi\/#website\",\"url\":\"https:\/\/kulturhusetkarelia.fi\/\",\"name\":\"Kulturhuset Karelia\",\"description\":\"\",\"publisher\":{\"@id\":\"https:\/\/kulturhusetkarelia.fi\/#organization\"},\"potentialAction\":[{\"@type\":\"SearchAction\",\"target\":{\"@type\":\"EntryPoint\",\"urlTemplate\":\"https:\/\/kulturhusetkarelia.fi\/?s={search_term_string}\"},\"query-input\":{\"@type\":\"PropertyValueSpecification\",\"valueRequired\":true,\"valueName\":\"search_term_string\"}}],\"inLanguage\":\"fi\"},{\"@type\":\"Organization\",\"@id\":\"https:\/\/kulturhusetkarelia.fi\/#organization\",\"name\":\"Kulturhuset Karelia\",\"url\":\"https:\/\/kulturhusetkarelia.fi\/\",\"logo\":{\"@type\":\"ImageObject\",\"inLanguage\":\"fi\",\"@id\":\"https:\/\/kulturhusetkarelia.fi\/#\/schema\/logo\/image\/\",\"url\":\"https:\/\/kulturhusetkarelia.fi\/wp-content\/uploads\/2023\/01\/Stor-logo-rod.svg\",\"contentUrl\":\"https:\/\/kulturhusetkarelia.fi\/wp-content\/uploads\/2023\/01\/Stor-logo-rod.svg\",\"width\":1,\"height\":1,\"caption\":\"Kulturhuset Karelia\"},\"image\":{\"@id\":\"https:\/\/kulturhusetkarelia.fi\/#\/schema\/logo\/image\/\"},\"sameAs\":[\"https:\/\/www.facebook.com\/kulturhusetkarelia\/\",\"https:\/\/www.instagram.com\/kulturhusetkarelia\/\"]},{\"@type\":\"Person\",\"@id\":\"https:\/\/kulturhusetkarelia.fi\/#\/schema\/person\/1d3eff2f045146c6750be530d1ca5a08\",\"name\":\"Kulturhuset\",\"image\":{\"@type\":\"ImageObject\",\"inLanguage\":\"fi\",\"@id\":\"https:\/\/kulturhusetkarelia.fi\/#\/schema\/person\/image\/\",\"url\":\"https:\/\/kulturhusetkarelia.fi\/wp-content\/litespeed\/avatar\/64654304a5c3b69243c5e4af9353585f.jpg?ver=1776973376\",\"contentUrl\":\"https:\/\/kulturhusetkarelia.fi\/wp-content\/litespeed\/avatar\/64654304a5c3b69243c5e4af9353585f.jpg?ver=1776973376\",\"caption\":\"Kulturhuset\"},\"url\":\"https:\/\/kulturhusetkarelia.fi\/fi\/author\/kulturhuset\/\"}]}<\/script>\n<!-- \/ Yoast SEO plugin. -->","yoast_head_json":{"title":"Ny teaterproduktion om mentalsjukhuset Ek\u00e5sen som \u00f6ppnade f\u00f6r 100 \u00e5r sedan - Kulturhuset Karelia","robots":{"index":"index","follow":"follow","max-snippet":"max-snippet:-1","max-image-preview":"max-image-preview:large","max-video-preview":"max-video-preview:-1"},"canonical":"https:\/\/kulturhusetkarelia.fi\/fi\/2023\/05\/ny-teaterproduktion-om-mentalsjukhuset-ekasen-som-oppnade-for-100-ar-sedan\/","og_locale":"fi_FI","og_type":"article","og_title":"Ny teaterproduktion om mentalsjukhuset Ek\u00e5sen som \u00f6ppnade f\u00f6r 100 \u00e5r sedan - Kulturhuset Karelia","og_description":"Under vintern 2024 kommer Karelia att s\u00e4tta upp en nyskriven teaterf\u00f6rest\u00e4llning om mentalsjukhuset Ek\u00e5sen. Denna produktion uppm\u00e4rksammar jubileums\u00e5ret f\u00f6r Ek\u00e5sen, som \u00f6ppnade sina d\u00f6rrar f\u00f6r 100 \u00e5r sedan. F\u00f6rest\u00e4llningen tar sikte p\u00e5 att belysa viktiga fr\u00e5gor inom mental h\u00e4lsa och skildrar v\u00e5rdens utmaningar samt h\u00e4ndelser och erfarenheter bland b\u00e5de personal och patienter. Genom starka ber\u00e4ttelser&hellip; Jatka lukemista Ny teaterproduktion om mentalsjukhuset Ek\u00e5sen som \u00f6ppnade f\u00f6r 100 \u00e5r sedan","og_url":"https:\/\/kulturhusetkarelia.fi\/fi\/2023\/05\/ny-teaterproduktion-om-mentalsjukhuset-ekasen-som-oppnade-for-100-ar-sedan\/","og_site_name":"Kulturhuset Karelia","article_publisher":"https:\/\/www.facebook.com\/kulturhusetkarelia\/","article_published_time":"2023-05-29T16:54:22+00:00","article_modified_time":"2024-02-19T10:11:21+00:00","og_image":[{"width":2560,"height":1920,"url":"https:\/\/kulturhusetkarelia.fi\/wp-content\/uploads\/2023\/05\/IMG_2758-scaled.webp","type":"image\/jpeg"}],"author":"Kulturhuset","twitter_card":"summary_large_image","twitter_misc":{"Kirjoittanut":"Kulturhuset","Arvioitu lukuaika":"2 minuuttia"},"schema":{"@context":"https:\/\/schema.org","@graph":[{"@type":"Article","@id":"https:\/\/kulturhusetkarelia.fi\/2023\/05\/ny-teaterproduktion-om-mentalsjukhuset-ekasen-som-oppnade-for-100-ar-sedan\/#article","isPartOf":{"@id":"https:\/\/kulturhusetkarelia.fi\/2023\/05\/ny-teaterproduktion-om-mentalsjukhuset-ekasen-som-oppnade-for-100-ar-sedan\/"},"author":{"name":"Kulturhuset","@id":"https:\/\/kulturhusetkarelia.fi\/#\/schema\/person\/1d3eff2f045146c6750be530d1ca5a08"},"headline":"Ny teaterproduktion om mentalsjukhuset Ek\u00e5sen som \u00f6ppnade f\u00f6r 100 \u00e5r sedan","datePublished":"2023-05-29T16:54:22+00:00","dateModified":"2024-02-19T10:11:21+00:00","mainEntityOfPage":{"@id":"https:\/\/kulturhusetkarelia.fi\/2023\/05\/ny-teaterproduktion-om-mentalsjukhuset-ekasen-som-oppnade-for-100-ar-sedan\/"},"wordCount":385,"publisher":{"@id":"https:\/\/kulturhusetkarelia.fi\/#organization"},"image":{"@id":"https:\/\/kulturhusetkarelia.fi\/2023\/05\/ny-teaterproduktion-om-mentalsjukhuset-ekasen-som-oppnade-for-100-ar-sedan\/#primaryimage"},"thumbnailUrl":"https:\/\/kulturhusetkarelia.fi\/wp-content\/uploads\/2023\/05\/IMG_2758-scaled.webp","articleSection":["Ek\u00e5sen 100 \u00e5r"],"inLanguage":"fi"},{"@type":"WebPage","@id":"https:\/\/kulturhusetkarelia.fi\/2023\/05\/ny-teaterproduktion-om-mentalsjukhuset-ekasen-som-oppnade-for-100-ar-sedan\/","url":"https:\/\/kulturhusetkarelia.fi\/2023\/05\/ny-teaterproduktion-om-mentalsjukhuset-ekasen-som-oppnade-for-100-ar-sedan\/","name":"Ny teaterproduktion om mentalsjukhuset Ek\u00e5sen som \u00f6ppnade f\u00f6r 100 \u00e5r sedan - Kulturhuset Karelia","isPartOf":{"@id":"https:\/\/kulturhusetkarelia.fi\/#website"},"primaryImageOfPage":{"@id":"https:\/\/kulturhusetkarelia.fi\/2023\/05\/ny-teaterproduktion-om-mentalsjukhuset-ekasen-som-oppnade-for-100-ar-sedan\/#primaryimage"},"image":{"@id":"https:\/\/kulturhusetkarelia.fi\/2023\/05\/ny-teaterproduktion-om-mentalsjukhuset-ekasen-som-oppnade-for-100-ar-sedan\/#primaryimage"},"thumbnailUrl":"https:\/\/kulturhusetkarelia.fi\/wp-content\/uploads\/2023\/05\/IMG_2758-scaled.webp","datePublished":"2023-05-29T16:54:22+00:00","dateModified":"2024-02-19T10:11:21+00:00","breadcrumb":{"@id":"https:\/\/kulturhusetkarelia.fi\/2023\/05\/ny-teaterproduktion-om-mentalsjukhuset-ekasen-som-oppnade-for-100-ar-sedan\/#breadcrumb"},"inLanguage":"fi","potentialAction":[{"@type":"ReadAction","target":["https:\/\/kulturhusetkarelia.fi\/2023\/05\/ny-teaterproduktion-om-mentalsjukhuset-ekasen-som-oppnade-for-100-ar-sedan\/"]}]},{"@type":"ImageObject","inLanguage":"fi","@id":"https:\/\/kulturhusetkarelia.fi\/2023\/05\/ny-teaterproduktion-om-mentalsjukhuset-ekasen-som-oppnade-for-100-ar-sedan\/#primaryimage","url":"https:\/\/kulturhusetkarelia.fi\/wp-content\/uploads\/2023\/05\/IMG_2758-scaled.webp","contentUrl":"https:\/\/kulturhusetkarelia.fi\/wp-content\/uploads\/2023\/05\/IMG_2758-scaled.webp","width":2560,"height":1920,"caption":"Tre kvinnor med boken R\u00f6ster fr\u00e5n Ek\u00e5sen. Tove Virta, Henrika Andersson och Bettina Bj\u00f6rnberg-Aminoff i start groparna f\u00f6r produktion Skuggor fr\u00e5n Ek\u00e5sen Kolme naista ja kirja R\u00f6ster fr\u00e5n Ek\u00e5sen. Tove Virta, Henrika Andersson ja Bettina Bj\u00f6rnberg-Aminoff produktion Skuggor fr\u00e5n Ek\u00e5senin l\u00e4ht\u00f6kuopissa"},{"@type":"BreadcrumbList","@id":"https:\/\/kulturhusetkarelia.fi\/2023\/05\/ny-teaterproduktion-om-mentalsjukhuset-ekasen-som-oppnade-for-100-ar-sedan\/#breadcrumb","itemListElement":[{"@type":"ListItem","position":1,"name":"Home","item":"https:\/\/kulturhusetkarelia.fi\/"},{"@type":"ListItem","position":2,"name":"Ny teaterproduktion om mentalsjukhuset Ek\u00e5sen som \u00f6ppnade f\u00f6r 100 \u00e5r sedan"}]},{"@type":"WebSite","@id":"https:\/\/kulturhusetkarelia.fi\/#website","url":"https:\/\/kulturhusetkarelia.fi\/","name":"Kulturhuset Karelia","description":"","publisher":{"@id":"https:\/\/kulturhusetkarelia.fi\/#organization"},"potentialAction":[{"@type":"SearchAction","target":{"@type":"EntryPoint","urlTemplate":"https:\/\/kulturhusetkarelia.fi\/?s={search_term_string}"},"query-input":{"@type":"PropertyValueSpecification","valueRequired":true,"valueName":"search_term_string"}}],"inLanguage":"fi"},{"@type":"Organization","@id":"https:\/\/kulturhusetkarelia.fi\/#organization","name":"Kulturhuset Karelia","url":"https:\/\/kulturhusetkarelia.fi\/","logo":{"@type":"ImageObject","inLanguage":"fi","@id":"https:\/\/kulturhusetkarelia.fi\/#\/schema\/logo\/image\/","url":"https:\/\/kulturhusetkarelia.fi\/wp-content\/uploads\/2023\/01\/Stor-logo-rod.svg","contentUrl":"https:\/\/kulturhusetkarelia.fi\/wp-content\/uploads\/2023\/01\/Stor-logo-rod.svg","width":1,"height":1,"caption":"Kulturhuset Karelia"},"image":{"@id":"https:\/\/kulturhusetkarelia.fi\/#\/schema\/logo\/image\/"},"sameAs":["https:\/\/www.facebook.com\/kulturhusetkarelia\/","https:\/\/www.instagram.com\/kulturhusetkarelia\/"]},{"@type":"Person","@id":"https:\/\/kulturhusetkarelia.fi\/#\/schema\/person\/1d3eff2f045146c6750be530d1ca5a08","name":"Kulturhuset","image":{"@type":"ImageObject","inLanguage":"fi","@id":"https:\/\/kulturhusetkarelia.fi\/#\/schema\/person\/image\/","url":"https:\/\/kulturhusetkarelia.fi\/wp-content\/litespeed\/avatar\/64654304a5c3b69243c5e4af9353585f.jpg?ver=1776973376","contentUrl":"https:\/\/kulturhusetkarelia.fi\/wp-content\/litespeed\/avatar\/64654304a5c3b69243c5e4af9353585f.jpg?ver=1776973376","caption":"Kulturhuset"},"url":"https:\/\/kulturhusetkarelia.fi\/fi\/author\/kulturhuset\/"}]}},"jetpack_featured_media_url":"https:\/\/kulturhusetkarelia.fi\/wp-content\/uploads\/2023\/05\/IMG_2758-scaled.webp","jetpack_sharing_enabled":true,"_links":{"self":[{"href":"https:\/\/kulturhusetkarelia.fi\/fi\/wp-json\/wp\/v2\/posts\/1541","targetHints":{"allow":["GET"]}}],"collection":[{"href":"https:\/\/kulturhusetkarelia.fi\/fi\/wp-json\/wp\/v2\/posts"}],"about":[{"href":"https:\/\/kulturhusetkarelia.fi\/fi\/wp-json\/wp\/v2\/types\/post"}],"author":[{"embeddable":true,"href":"https:\/\/kulturhusetkarelia.fi\/fi\/wp-json\/wp\/v2\/users\/4"}],"replies":[{"embeddable":true,"href":"https:\/\/kulturhusetkarelia.fi\/fi\/wp-json\/wp\/v2\/comments?post=1541"}],"version-history":[{"count":3,"href":"https:\/\/kulturhusetkarelia.fi\/fi\/wp-json\/wp\/v2\/posts\/1541\/revisions"}],"predecessor-version":[{"id":14087,"href":"https:\/\/kulturhusetkarelia.fi\/fi\/wp-json\/wp\/v2\/posts\/1541\/revisions\/14087"}],"wp:featuredmedia":[{"embeddable":true,"href":"https:\/\/kulturhusetkarelia.fi\/fi\/wp-json\/wp\/v2\/media\/1544"}],"wp:attachment":[{"href":"https:\/\/kulturhusetkarelia.fi\/fi\/wp-json\/wp\/v2\/media?parent=1541"}],"wp:term":[{"taxonomy":"category","embeddable":true,"href":"https:\/\/kulturhusetkarelia.fi\/fi\/wp-json\/wp\/v2\/categories?post=1541"},{"taxonomy":"post_tag","embeddable":true,"href":"https:\/\/kulturhusetkarelia.fi\/fi\/wp-json\/wp\/v2\/tags?post=1541"}],"curies":[{"name":"wp","href":"https:\/\/api.w.org\/{rel}","templated":true}]}}