{"id":1127,"date":"2023-02-07T08:47:53","date_gmt":"2023-02-07T06:47:53","guid":{"rendered":"https:\/\/kulturhusetkarelia.nfsite.com\/?p=1127"},"modified":"2024-02-19T12:14:25","modified_gmt":"2024-02-19T10:14:25","slug":"premiarhelg","status":"publish","type":"post","link":"https:\/\/kulturhusetkarelia.fi\/fi\/2023\/02\/premiarhelg\/","title":{"rendered":"PREMI\u00c4RHELG"},"content":{"rendered":"<p>I helgen hade Karelias egna teaterproduktion M\u00e5nskensprinsen premi\u00e4r. M\u00e5nskensprinsen \u00e4r en nyskriven pj\u00e4s av fantasyf\u00f6rfattaren Maria Turtschaninoff och dramatikern Anna Simberg. <br><br>M\u00e5nskensprinsen skulle ursprungligen ha haft premi\u00e4r p\u00e5 Wasa Teater i mars 2020, men coronarestriktionerna satte k\u00e4ppar i hjulen f\u00f6r produktionen. Samma sak skedde v\u00e5ren 2021, men \u00e4ntligen l\u00f6rdagen den 4 februari 2023 fick M\u00e5nskensprinsen ha sin v\u00e4rldspremi\u00e4r p\u00e5 Kulturhuset Karelia. <\/p>\n\n\n\n<p>Premi\u00e4ren p\u00e5 Karelia var magisk och st\u00e4mningsfull, med en n\u00e4stan fullsatt salong. Efter f\u00f6rest\u00e4llningen m\u00f6ttes publiken ute av en fullm\u00e5ne, en perfekt avrundning p\u00e5 kv\u00e4llen. En fartfylld premi\u00e4rfest blev det inte denna g\u00e5ng, eftersom n\u00e4sta f\u00f6rest\u00e4llning visades redan p\u00e5 s\u00f6ndagen. Efter en fartfylld och lyckad premi\u00e4rhelg tar ensamblen paus i n\u00e5gra dagar, men redan imorgon p\u00e5 onsdagen \u00e4r det dags f\u00f6r n\u00e4sta f\u00f6rest\u00e4llning av M\u00e5nskensprinsen. Pj\u00e4sen visas \u00e4nnu 12 g\u00e5nger fram till 12 mars. Datumen f\u00f6r f\u00f6rest\u00e4llningarna hittar du nedan. <br><br>Onsdag 8.2 kl. 19<br>L\u00f6rdag 11.2 kl. 17<br>S\u00f6ndag 12.2 kl. 17<br>Onsdag 15.2 kl. 19<br>L\u00f6rdag 25.2 kl. 17<br>S\u00f6ndag 26.2 kl. 17<br>Onsdag 1.3 kl. 19<br>Fredag 3.3 kl. 19<br>L\u00f6rdag 4.3 kl. 17<br>Onsdag 8.3 kl. 19<br>L\u00f6rdag 11.3 kl. 17<br>S\u00f6ndag 12.3 kl. 17<br><br>Vi ses p\u00e5 Karelia! <\/p>","protected":false},"excerpt":{"rendered":"<p>I helgen hade Karelias egna teaterproduktion M\u00e5nskensprinsen premi\u00e4r. M\u00e5nskensprinsen \u00e4r en nyskriven pj\u00e4s av fantasyf\u00f6rfattaren Maria Turtschaninoff och dramatikern Anna Simberg. M\u00e5nskensprinsen skulle ursprungligen ha haft premi\u00e4r p\u00e5 Wasa Teater i mars 2020, men coronarestriktionerna satte k\u00e4ppar i hjulen f\u00f6r produktionen. Samma sak skedde v\u00e5ren 2021, men \u00e4ntligen l\u00f6rdagen den 4 februari 2023 fick M\u00e5nskensprinsen&hellip; <a class=\"more-link\" href=\"https:\/\/kulturhusetkarelia.fi\/fi\/2023\/02\/premiarhelg\/\">Jatka lukemista <span class=\"screen-reader-text\">PREMI\u00c4RHELG<\/span><\/a><\/p>","protected":false},"author":3,"featured_media":1129,"comment_status":"closed","ping_status":"closed","sticky":false,"template":"","format":"standard","meta":{"_themeisle_gutenberg_block_has_review":false,"_jetpack_memberships_contains_paid_content":false,"footnotes":""},"categories":[1],"tags":[],"class_list":["post-1127","post","type-post","status-publish","format-standard","has-post-thumbnail","hentry","category-uncategorized","entry"],"yoast_head":"<!-- This site is optimized with the Yoast SEO plugin v24.9 - https:\/\/yoast.com\/wordpress\/plugins\/seo\/ -->\n<title>PREMI\u00c4RHELG - Kulturhuset Karelia<\/title>\n<meta name=\"robots\" content=\"index, follow, max-snippet:-1, max-image-preview:large, max-video-preview:-1\" \/>\n<link rel=\"canonical\" href=\"https:\/\/kulturhusetkarelia.fi\/fi\/2023\/02\/premiarhelg\/\" \/>\n<meta property=\"og:locale\" content=\"fi_FI\" \/>\n<meta property=\"og:type\" content=\"article\" \/>\n<meta property=\"og:title\" content=\"PREMI\u00c4RHELG - Kulturhuset Karelia\" \/>\n<meta property=\"og:description\" content=\"I helgen hade Karelias egna teaterproduktion M\u00e5nskensprinsen premi\u00e4r. M\u00e5nskensprinsen \u00e4r en nyskriven pj\u00e4s av fantasyf\u00f6rfattaren Maria Turtschaninoff och dramatikern Anna Simberg. M\u00e5nskensprinsen skulle ursprungligen ha haft premi\u00e4r p\u00e5 Wasa Teater i mars 2020, men coronarestriktionerna satte k\u00e4ppar i hjulen f\u00f6r produktionen. Samma sak skedde v\u00e5ren 2021, men \u00e4ntligen l\u00f6rdagen den 4 februari 2023 fick M\u00e5nskensprinsen&hellip; Jatka lukemista PREMI\u00c4RHELG\" \/>\n<meta property=\"og:url\" content=\"https:\/\/kulturhusetkarelia.fi\/fi\/2023\/02\/premiarhelg\/\" \/>\n<meta property=\"og:site_name\" content=\"Kulturhuset Karelia\" \/>\n<meta property=\"article:publisher\" content=\"https:\/\/www.facebook.com\/kulturhusetkarelia\/\" \/>\n<meta property=\"article:published_time\" content=\"2023-02-07T06:47:53+00:00\" \/>\n<meta property=\"article:modified_time\" content=\"2024-02-19T10:14:25+00:00\" \/>\n<meta property=\"og:image\" content=\"https:\/\/kulturhusetkarelia.fi\/wp-content\/uploads\/2023\/02\/Aurelian_drottningen_danslektionen_Ian-Granstrom-scaled.webp\" \/>\n\t<meta property=\"og:image:width\" content=\"2560\" \/>\n\t<meta property=\"og:image:height\" content=\"1703\" \/>\n\t<meta property=\"og:image:type\" content=\"image\/jpeg\" \/>\n<meta name=\"author\" content=\"Elin Sundell\" \/>\n<meta name=\"twitter:card\" content=\"summary_large_image\" \/>\n<meta name=\"twitter:label1\" content=\"Kirjoittanut\" \/>\n\t<meta name=\"twitter:data1\" content=\"Elin Sundell\" \/>\n\t<meta name=\"twitter:label2\" content=\"Arvioitu lukuaika\" \/>\n\t<meta name=\"twitter:data2\" content=\"1 minuutti\" \/>\n<script type=\"application\/ld+json\" class=\"yoast-schema-graph\">{\"@context\":\"https:\/\/schema.org\",\"@graph\":[{\"@type\":\"Article\",\"@id\":\"https:\/\/kulturhusetkarelia.fi\/2023\/02\/premiarhelg\/#article\",\"isPartOf\":{\"@id\":\"https:\/\/kulturhusetkarelia.fi\/2023\/02\/premiarhelg\/\"},\"author\":{\"name\":\"Elin Sundell\",\"@id\":\"https:\/\/kulturhusetkarelia.fi\/#\/schema\/person\/e4dc4fbc31b22abd115fc374842f0a61\"},\"headline\":\"PREMI\u00c4RHELG\",\"datePublished\":\"2023-02-07T06:47:53+00:00\",\"dateModified\":\"2024-02-19T10:14:25+00:00\",\"mainEntityOfPage\":{\"@id\":\"https:\/\/kulturhusetkarelia.fi\/2023\/02\/premiarhelg\/\"},\"wordCount\":212,\"publisher\":{\"@id\":\"https:\/\/kulturhusetkarelia.fi\/#organization\"},\"image\":{\"@id\":\"https:\/\/kulturhusetkarelia.fi\/2023\/02\/premiarhelg\/#primaryimage\"},\"thumbnailUrl\":\"https:\/\/kulturhusetkarelia.fi\/wp-content\/uploads\/2023\/02\/Aurelian_drottningen_danslektionen_Ian-Granstrom-scaled.webp\",\"articleSection\":[\"Uncategorized\"],\"inLanguage\":\"fi\"},{\"@type\":\"WebPage\",\"@id\":\"https:\/\/kulturhusetkarelia.fi\/2023\/02\/premiarhelg\/\",\"url\":\"https:\/\/kulturhusetkarelia.fi\/2023\/02\/premiarhelg\/\",\"name\":\"PREMI\u00c4RHELG - Kulturhuset Karelia\",\"isPartOf\":{\"@id\":\"https:\/\/kulturhusetkarelia.fi\/#website\"},\"primaryImageOfPage\":{\"@id\":\"https:\/\/kulturhusetkarelia.fi\/2023\/02\/premiarhelg\/#primaryimage\"},\"image\":{\"@id\":\"https:\/\/kulturhusetkarelia.fi\/2023\/02\/premiarhelg\/#primaryimage\"},\"thumbnailUrl\":\"https:\/\/kulturhusetkarelia.fi\/wp-content\/uploads\/2023\/02\/Aurelian_drottningen_danslektionen_Ian-Granstrom-scaled.webp\",\"datePublished\":\"2023-02-07T06:47:53+00:00\",\"dateModified\":\"2024-02-19T10:14:25+00:00\",\"breadcrumb\":{\"@id\":\"https:\/\/kulturhusetkarelia.fi\/2023\/02\/premiarhelg\/#breadcrumb\"},\"inLanguage\":\"fi\",\"potentialAction\":[{\"@type\":\"ReadAction\",\"target\":[\"https:\/\/kulturhusetkarelia.fi\/2023\/02\/premiarhelg\/\"]}]},{\"@type\":\"ImageObject\",\"inLanguage\":\"fi\",\"@id\":\"https:\/\/kulturhusetkarelia.fi\/2023\/02\/premiarhelg\/#primaryimage\",\"url\":\"https:\/\/kulturhusetkarelia.fi\/wp-content\/uploads\/2023\/02\/Aurelian_drottningen_danslektionen_Ian-Granstrom-scaled.webp\",\"contentUrl\":\"https:\/\/kulturhusetkarelia.fi\/wp-content\/uploads\/2023\/02\/Aurelian_drottningen_danslektionen_Ian-Granstrom-scaled.webp\",\"width\":2560,\"height\":1703,\"caption\":\"En bild ur pj\u00e4sen M\u00e5nskensprinsen d\u00e4r tv\u00e5 sk\u00e5despelare dansar i bl\u00e5tt sken. Kuva M\u00e5nskensprinsen n\u00e4ytelm\u00e4st\u00e4 jossa kaksi n\u00e4yttelij\u00e4\u00e4 tanssivat sinert\u00e4v\u00e4ss\u00e4 valaistuksessa.\"},{\"@type\":\"BreadcrumbList\",\"@id\":\"https:\/\/kulturhusetkarelia.fi\/2023\/02\/premiarhelg\/#breadcrumb\",\"itemListElement\":[{\"@type\":\"ListItem\",\"position\":1,\"name\":\"Home\",\"item\":\"https:\/\/kulturhusetkarelia.fi\/\"},{\"@type\":\"ListItem\",\"position\":2,\"name\":\"PREMI\u00c4RHELG\"}]},{\"@type\":\"WebSite\",\"@id\":\"https:\/\/kulturhusetkarelia.fi\/#website\",\"url\":\"https:\/\/kulturhusetkarelia.fi\/\",\"name\":\"Kulturhuset Karelia\",\"description\":\"\",\"publisher\":{\"@id\":\"https:\/\/kulturhusetkarelia.fi\/#organization\"},\"potentialAction\":[{\"@type\":\"SearchAction\",\"target\":{\"@type\":\"EntryPoint\",\"urlTemplate\":\"https:\/\/kulturhusetkarelia.fi\/?s={search_term_string}\"},\"query-input\":{\"@type\":\"PropertyValueSpecification\",\"valueRequired\":true,\"valueName\":\"search_term_string\"}}],\"inLanguage\":\"fi\"},{\"@type\":\"Organization\",\"@id\":\"https:\/\/kulturhusetkarelia.fi\/#organization\",\"name\":\"Kulturhuset Karelia\",\"url\":\"https:\/\/kulturhusetkarelia.fi\/\",\"logo\":{\"@type\":\"ImageObject\",\"inLanguage\":\"fi\",\"@id\":\"https:\/\/kulturhusetkarelia.fi\/#\/schema\/logo\/image\/\",\"url\":\"https:\/\/kulturhusetkarelia.fi\/wp-content\/uploads\/2023\/01\/Stor-logo-rod.svg\",\"contentUrl\":\"https:\/\/kulturhusetkarelia.fi\/wp-content\/uploads\/2023\/01\/Stor-logo-rod.svg\",\"width\":1,\"height\":1,\"caption\":\"Kulturhuset Karelia\"},\"image\":{\"@id\":\"https:\/\/kulturhusetkarelia.fi\/#\/schema\/logo\/image\/\"},\"sameAs\":[\"https:\/\/www.facebook.com\/kulturhusetkarelia\/\",\"https:\/\/www.instagram.com\/kulturhusetkarelia\/\"]},{\"@type\":\"Person\",\"@id\":\"https:\/\/kulturhusetkarelia.fi\/#\/schema\/person\/e4dc4fbc31b22abd115fc374842f0a61\",\"name\":\"Elin Sundell\",\"image\":{\"@type\":\"ImageObject\",\"inLanguage\":\"fi\",\"@id\":\"https:\/\/kulturhusetkarelia.fi\/#\/schema\/person\/image\/\",\"url\":\"https:\/\/kulturhusetkarelia.fi\/wp-content\/litespeed\/avatar\/124454de1854b6069a5761b8bbb91c5f.jpg?ver=1776970323\",\"contentUrl\":\"https:\/\/kulturhusetkarelia.fi\/wp-content\/litespeed\/avatar\/124454de1854b6069a5761b8bbb91c5f.jpg?ver=1776970323\",\"caption\":\"Elin Sundell\"},\"url\":\"https:\/\/kulturhusetkarelia.fi\/fi\/author\/elin\/\"}]}<\/script>\n<!-- \/ Yoast SEO plugin. -->","yoast_head_json":{"title":"PREMI\u00c4RHELG - Kulturhuset Karelia","robots":{"index":"index","follow":"follow","max-snippet":"max-snippet:-1","max-image-preview":"max-image-preview:large","max-video-preview":"max-video-preview:-1"},"canonical":"https:\/\/kulturhusetkarelia.fi\/fi\/2023\/02\/premiarhelg\/","og_locale":"fi_FI","og_type":"article","og_title":"PREMI\u00c4RHELG - Kulturhuset Karelia","og_description":"I helgen hade Karelias egna teaterproduktion M\u00e5nskensprinsen premi\u00e4r. M\u00e5nskensprinsen \u00e4r en nyskriven pj\u00e4s av fantasyf\u00f6rfattaren Maria Turtschaninoff och dramatikern Anna Simberg. M\u00e5nskensprinsen skulle ursprungligen ha haft premi\u00e4r p\u00e5 Wasa Teater i mars 2020, men coronarestriktionerna satte k\u00e4ppar i hjulen f\u00f6r produktionen. Samma sak skedde v\u00e5ren 2021, men \u00e4ntligen l\u00f6rdagen den 4 februari 2023 fick M\u00e5nskensprinsen&hellip; Jatka lukemista PREMI\u00c4RHELG","og_url":"https:\/\/kulturhusetkarelia.fi\/fi\/2023\/02\/premiarhelg\/","og_site_name":"Kulturhuset Karelia","article_publisher":"https:\/\/www.facebook.com\/kulturhusetkarelia\/","article_published_time":"2023-02-07T06:47:53+00:00","article_modified_time":"2024-02-19T10:14:25+00:00","og_image":[{"width":2560,"height":1703,"url":"https:\/\/kulturhusetkarelia.fi\/wp-content\/uploads\/2023\/02\/Aurelian_drottningen_danslektionen_Ian-Granstrom-scaled.webp","type":"image\/jpeg"}],"author":"Elin Sundell","twitter_card":"summary_large_image","twitter_misc":{"Kirjoittanut":"Elin Sundell","Arvioitu lukuaika":"1 minuutti"},"schema":{"@context":"https:\/\/schema.org","@graph":[{"@type":"Article","@id":"https:\/\/kulturhusetkarelia.fi\/2023\/02\/premiarhelg\/#article","isPartOf":{"@id":"https:\/\/kulturhusetkarelia.fi\/2023\/02\/premiarhelg\/"},"author":{"name":"Elin Sundell","@id":"https:\/\/kulturhusetkarelia.fi\/#\/schema\/person\/e4dc4fbc31b22abd115fc374842f0a61"},"headline":"PREMI\u00c4RHELG","datePublished":"2023-02-07T06:47:53+00:00","dateModified":"2024-02-19T10:14:25+00:00","mainEntityOfPage":{"@id":"https:\/\/kulturhusetkarelia.fi\/2023\/02\/premiarhelg\/"},"wordCount":212,"publisher":{"@id":"https:\/\/kulturhusetkarelia.fi\/#organization"},"image":{"@id":"https:\/\/kulturhusetkarelia.fi\/2023\/02\/premiarhelg\/#primaryimage"},"thumbnailUrl":"https:\/\/kulturhusetkarelia.fi\/wp-content\/uploads\/2023\/02\/Aurelian_drottningen_danslektionen_Ian-Granstrom-scaled.webp","articleSection":["Uncategorized"],"inLanguage":"fi"},{"@type":"WebPage","@id":"https:\/\/kulturhusetkarelia.fi\/2023\/02\/premiarhelg\/","url":"https:\/\/kulturhusetkarelia.fi\/2023\/02\/premiarhelg\/","name":"PREMI\u00c4RHELG - Kulturhuset Karelia","isPartOf":{"@id":"https:\/\/kulturhusetkarelia.fi\/#website"},"primaryImageOfPage":{"@id":"https:\/\/kulturhusetkarelia.fi\/2023\/02\/premiarhelg\/#primaryimage"},"image":{"@id":"https:\/\/kulturhusetkarelia.fi\/2023\/02\/premiarhelg\/#primaryimage"},"thumbnailUrl":"https:\/\/kulturhusetkarelia.fi\/wp-content\/uploads\/2023\/02\/Aurelian_drottningen_danslektionen_Ian-Granstrom-scaled.webp","datePublished":"2023-02-07T06:47:53+00:00","dateModified":"2024-02-19T10:14:25+00:00","breadcrumb":{"@id":"https:\/\/kulturhusetkarelia.fi\/2023\/02\/premiarhelg\/#breadcrumb"},"inLanguage":"fi","potentialAction":[{"@type":"ReadAction","target":["https:\/\/kulturhusetkarelia.fi\/2023\/02\/premiarhelg\/"]}]},{"@type":"ImageObject","inLanguage":"fi","@id":"https:\/\/kulturhusetkarelia.fi\/2023\/02\/premiarhelg\/#primaryimage","url":"https:\/\/kulturhusetkarelia.fi\/wp-content\/uploads\/2023\/02\/Aurelian_drottningen_danslektionen_Ian-Granstrom-scaled.webp","contentUrl":"https:\/\/kulturhusetkarelia.fi\/wp-content\/uploads\/2023\/02\/Aurelian_drottningen_danslektionen_Ian-Granstrom-scaled.webp","width":2560,"height":1703,"caption":"En bild ur pj\u00e4sen M\u00e5nskensprinsen d\u00e4r tv\u00e5 sk\u00e5despelare dansar i bl\u00e5tt sken. Kuva M\u00e5nskensprinsen n\u00e4ytelm\u00e4st\u00e4 jossa kaksi n\u00e4yttelij\u00e4\u00e4 tanssivat sinert\u00e4v\u00e4ss\u00e4 valaistuksessa."},{"@type":"BreadcrumbList","@id":"https:\/\/kulturhusetkarelia.fi\/2023\/02\/premiarhelg\/#breadcrumb","itemListElement":[{"@type":"ListItem","position":1,"name":"Home","item":"https:\/\/kulturhusetkarelia.fi\/"},{"@type":"ListItem","position":2,"name":"PREMI\u00c4RHELG"}]},{"@type":"WebSite","@id":"https:\/\/kulturhusetkarelia.fi\/#website","url":"https:\/\/kulturhusetkarelia.fi\/","name":"Kulturhuset Karelia","description":"","publisher":{"@id":"https:\/\/kulturhusetkarelia.fi\/#organization"},"potentialAction":[{"@type":"SearchAction","target":{"@type":"EntryPoint","urlTemplate":"https:\/\/kulturhusetkarelia.fi\/?s={search_term_string}"},"query-input":{"@type":"PropertyValueSpecification","valueRequired":true,"valueName":"search_term_string"}}],"inLanguage":"fi"},{"@type":"Organization","@id":"https:\/\/kulturhusetkarelia.fi\/#organization","name":"Kulturhuset Karelia","url":"https:\/\/kulturhusetkarelia.fi\/","logo":{"@type":"ImageObject","inLanguage":"fi","@id":"https:\/\/kulturhusetkarelia.fi\/#\/schema\/logo\/image\/","url":"https:\/\/kulturhusetkarelia.fi\/wp-content\/uploads\/2023\/01\/Stor-logo-rod.svg","contentUrl":"https:\/\/kulturhusetkarelia.fi\/wp-content\/uploads\/2023\/01\/Stor-logo-rod.svg","width":1,"height":1,"caption":"Kulturhuset Karelia"},"image":{"@id":"https:\/\/kulturhusetkarelia.fi\/#\/schema\/logo\/image\/"},"sameAs":["https:\/\/www.facebook.com\/kulturhusetkarelia\/","https:\/\/www.instagram.com\/kulturhusetkarelia\/"]},{"@type":"Person","@id":"https:\/\/kulturhusetkarelia.fi\/#\/schema\/person\/e4dc4fbc31b22abd115fc374842f0a61","name":"Elin Sundell","image":{"@type":"ImageObject","inLanguage":"fi","@id":"https:\/\/kulturhusetkarelia.fi\/#\/schema\/person\/image\/","url":"https:\/\/kulturhusetkarelia.fi\/wp-content\/litespeed\/avatar\/124454de1854b6069a5761b8bbb91c5f.jpg?ver=1776970323","contentUrl":"https:\/\/kulturhusetkarelia.fi\/wp-content\/litespeed\/avatar\/124454de1854b6069a5761b8bbb91c5f.jpg?ver=1776970323","caption":"Elin Sundell"},"url":"https:\/\/kulturhusetkarelia.fi\/fi\/author\/elin\/"}]}},"jetpack_featured_media_url":"https:\/\/kulturhusetkarelia.fi\/wp-content\/uploads\/2023\/02\/Aurelian_drottningen_danslektionen_Ian-Granstrom-scaled.webp","jetpack_sharing_enabled":true,"_links":{"self":[{"href":"https:\/\/kulturhusetkarelia.fi\/fi\/wp-json\/wp\/v2\/posts\/1127","targetHints":{"allow":["GET"]}}],"collection":[{"href":"https:\/\/kulturhusetkarelia.fi\/fi\/wp-json\/wp\/v2\/posts"}],"about":[{"href":"https:\/\/kulturhusetkarelia.fi\/fi\/wp-json\/wp\/v2\/types\/post"}],"author":[{"embeddable":true,"href":"https:\/\/kulturhusetkarelia.fi\/fi\/wp-json\/wp\/v2\/users\/3"}],"replies":[{"embeddable":true,"href":"https:\/\/kulturhusetkarelia.fi\/fi\/wp-json\/wp\/v2\/comments?post=1127"}],"version-history":[{"count":3,"href":"https:\/\/kulturhusetkarelia.fi\/fi\/wp-json\/wp\/v2\/posts\/1127\/revisions"}],"predecessor-version":[{"id":1132,"href":"https:\/\/kulturhusetkarelia.fi\/fi\/wp-json\/wp\/v2\/posts\/1127\/revisions\/1132"}],"wp:featuredmedia":[{"embeddable":true,"href":"https:\/\/kulturhusetkarelia.fi\/fi\/wp-json\/wp\/v2\/media\/1129"}],"wp:attachment":[{"href":"https:\/\/kulturhusetkarelia.fi\/fi\/wp-json\/wp\/v2\/media?parent=1127"}],"wp:term":[{"taxonomy":"category","embeddable":true,"href":"https:\/\/kulturhusetkarelia.fi\/fi\/wp-json\/wp\/v2\/categories?post=1127"},{"taxonomy":"post_tag","embeddable":true,"href":"https:\/\/kulturhusetkarelia.fi\/fi\/wp-json\/wp\/v2\/tags?post=1127"}],"curies":[{"name":"wp","href":"https:\/\/api.w.org\/{rel}","templated":true}]}}